{"id":364,"date":"2025-10-08T15:49:11","date_gmt":"2025-10-08T15:49:11","guid":{"rendered":"https:\/\/brasilpqp.com\/?p=364"},"modified":"2025-10-08T15:49:47","modified_gmt":"2025-10-08T15:49:47","slug":"cine-clube-pqp","status":"publish","type":"post","link":"https:\/\/brasilpqp.com\/?p=364","title":{"rendered":"Cine Clube PQP"},"content":{"rendered":"\n<h3 class=\"wp-block-heading\" id=\"brxe-xvpxpz\"><strong>Ningu\u00e9m mandou o Edu ir pra Argentina, mas ele foi\u2026<\/strong><\/h3>\n\n\n\n<div class=\"wp-block-media-text has-media-on-the-right is-stacked-on-mobile\" style=\"grid-template-columns:auto 35%\"><div class=\"wp-block-media-text__content\">\n<p>Depois de mais de 20 anos trabalhando no mercado financeiro e de passar semanas morando em acampamentos do MST, Eduardo Moreira nos apresentou o premiado \u201cVai Pra Cuba\u201d, que buscou entender o pa\u00eds mais atacado pela extrema direita pela perspectiva do seu pr\u00f3prio povo.&nbsp;<\/p>\n\n\n\n<p>Mas chegou a hora de fazer as malas novamente\u2026<\/p>\n\n\n\n<p>Na sequ\u00eancia do sucesso internacional \u201cVai Pra Cuba\u201d, Edu encontra seu amigo, o jornalista e documentarista Fabi\u00e1n Restivo, para ouvir da boca do povo o que est\u00e1 por tr\u00e1s de Javier Milei \u2014 o economista libert\u00e1rio que suscita paix\u00f5es em economistas no mundo todo \u2014 para entender:&nbsp;<\/p>\n\n\n\n<p>Seria ele o messias econ\u00f4mico ou&nbsp;<strong>apenas mais uma cobaia neoliberal da extrema direita?<\/strong>.<\/p>\n<\/div><figure class=\"wp-block-media-text__media\"><img loading=\"lazy\" decoding=\"async\" width=\"818\" height=\"1024\" src=\"https:\/\/brasilpqp.com\/wp-content\/uploads\/2025\/10\/cinecarajo-818x1024.jpg\" alt=\"\" class=\"wp-image-365 size-full\" srcset=\"https:\/\/brasilpqp.com\/wp-content\/uploads\/2025\/10\/cinecarajo-818x1024.jpg 818w, https:\/\/brasilpqp.com\/wp-content\/uploads\/2025\/10\/cinecarajo-240x300.jpg 240w, https:\/\/brasilpqp.com\/wp-content\/uploads\/2025\/10\/cinecarajo.jpg 1080w\" sizes=\"auto, (max-width: 818px) 100vw, 818px\" \/><\/figure><\/div>\n\n\n\n<figure class=\"wp-block-embed is-type-video is-provider-youtube wp-block-embed-youtube wp-embed-aspect-16-9 wp-has-aspect-ratio\"><div class=\"wp-block-embed__wrapper\">\n<iframe loading=\"lazy\" title=\"VAI PRA ARGENTINA, EDUARDO! - DOCUMENT\u00c1RIO ORIGINAL ICL - 09\/OUT \u00c0S 20h\" width=\"950\" height=\"534\" src=\"https:\/\/www.youtube.com\/embed\/dkBQShivI64?feature=oembed\" frameborder=\"0\" allow=\"accelerometer; autoplay; clipboard-write; encrypted-media; gyroscope; picture-in-picture; web-share\" referrerpolicy=\"strict-origin-when-cross-origin\" allowfullscreen><\/iframe>\n<\/div><\/figure>\n","protected":false},"excerpt":{"rendered":"<p>Ningu\u00e9m mandou o Edu ir pra Argentina, mas ele foi\u2026 Depois de mais de 20 anos trabalhando no mercado financeiro e de passar semanas morando em acampamentos do MST, Eduardo Moreira nos apresentou o premiado \u201cVai Pra Cuba\u201d, que buscou entender o pa\u00eds mais atacado pela extrema direita pela perspectiva do seu pr\u00f3prio povo.&nbsp; Mas &hellip; <\/p>\n<p class=\"link-more\"><a href=\"https:\/\/brasilpqp.com\/?p=364\" class=\"more-link\">Leia mais<span class=\"screen-reader-text\"> &#8220;Cine Clube PQP&#8221;<\/span><\/a><\/p>\n","protected":false},"author":1,"featured_media":365,"comment_status":"open","ping_status":"open","sticky":false,"template":"","format":"standard","meta":{"footnotes":""},"categories":[3,4],"tags":[],"class_list":["post-364","post","type-post","status-publish","format-standard","has-post-thumbnail","hentry","category-audiovisual","category-cultura"],"_links":{"self":[{"href":"https:\/\/brasilpqp.com\/index.php?rest_route=\/wp\/v2\/posts\/364","targetHints":{"allow":["GET"]}}],"collection":[{"href":"https:\/\/brasilpqp.com\/index.php?rest_route=\/wp\/v2\/posts"}],"about":[{"href":"https:\/\/brasilpqp.com\/index.php?rest_route=\/wp\/v2\/types\/post"}],"author":[{"embeddable":true,"href":"https:\/\/brasilpqp.com\/index.php?rest_route=\/wp\/v2\/users\/1"}],"replies":[{"embeddable":true,"href":"https:\/\/brasilpqp.com\/index.php?rest_route=%2Fwp%2Fv2%2Fcomments&post=364"}],"version-history":[{"count":3,"href":"https:\/\/brasilpqp.com\/index.php?rest_route=\/wp\/v2\/posts\/364\/revisions"}],"predecessor-version":[{"id":368,"href":"https:\/\/brasilpqp.com\/index.php?rest_route=\/wp\/v2\/posts\/364\/revisions\/368"}],"wp:featuredmedia":[{"embeddable":true,"href":"https:\/\/brasilpqp.com\/index.php?rest_route=\/wp\/v2\/media\/365"}],"wp:attachment":[{"href":"https:\/\/brasilpqp.com\/index.php?rest_route=%2Fwp%2Fv2%2Fmedia&parent=364"}],"wp:term":[{"taxonomy":"category","embeddable":true,"href":"https:\/\/brasilpqp.com\/index.php?rest_route=%2Fwp%2Fv2%2Fcategories&post=364"},{"taxonomy":"post_tag","embeddable":true,"href":"https:\/\/brasilpqp.com\/index.php?rest_route=%2Fwp%2Fv2%2Ftags&post=364"}],"curies":[{"name":"wp","href":"https:\/\/api.w.org\/{rel}","templated":true}]}}